[{"@context":"https:\/\/schema.org\/","@type":"Article","@id":"https:\/\/www.isis.sk\/vzdelavanie-v-kazdom-veku\/#Article","mainEntityOfPage":"https:\/\/www.isis.sk\/vzdelavanie-v-kazdom-veku\/","headline":"Vzdel\u00e1vanie v ka\u017edom veku","name":"Vzdel\u00e1vanie v ka\u017edom veku","description":"S u\u010den\u00edm sme za\u010dali u\u017e od narodenia ako mal\u00e9 deti.\u00a0Najprv s tak\u00fdm, ktor\u00e9 sme si ani my sami nest\u00edhali uvedomova\u0165. \u013dudsk\u00fd \u017eivot je toti\u017eto rozdelen\u00fd na viacero \u0161t\u00e1di\u00ed a vzdel\u00e1vanie, proces zdokona\u013eovania \u010dloveka, tvor\u00ed jeho drviv\u00fa v\u00e4\u010d\u0161inu.\u00a0 Hne\u010f od narodenia sa b\u00e1b\u00e4tko v novorodeneckom obdob\u00ed u\u010d\u00ed 4 z\u00e1kladn\u00e9 reflexy &#8211; sac\u00ed, \u00fachopov\u00fd, polohov\u00fd a obrann\u00fd. [&hellip;]","datePublished":"2019-06-02","dateModified":"2019-06-02","author":{"@type":"Person","@id":"https:\/\/www.isis.sk\/author\/#Person","name":"","url":"https:\/\/www.isis.sk\/author\/","identifier":1,"image":{"@type":"ImageObject","@id":"https:\/\/secure.gravatar.com\/avatar\/bac9badfec1c8ddbfb42cc2a45bdd424bcac2f01b51b95470cbfd0bab9e793fd?s=96&d=mm&r=g","url":"https:\/\/secure.gravatar.com\/avatar\/bac9badfec1c8ddbfb42cc2a45bdd424bcac2f01b51b95470cbfd0bab9e793fd?s=96&d=mm&r=g","height":96,"width":96}},"publisher":{"@type":"Organization","name":"isis.sk","logo":{"@type":"ImageObject","@id":"\/logo.png","url":"\/logo.png","width":600,"height":60}},"image":{"@type":"ImageObject","@id":"https:\/\/www.isis.sk\/wp-content\/uploads\/img_a303456_w2014_t1564077850.jpg","url":"https:\/\/www.isis.sk\/wp-content\/uploads\/img_a303456_w2014_t1564077850.jpg","height":0,"width":0},"url":"https:\/\/www.isis.sk\/vzdelavanie-v-kazdom-veku\/","about":["Vzdelanie"],"wordCount":376,"articleBody":"S u\u010den\u00edm sme za\u010dali u\u017e od narodenia ako mal\u00e9 deti.\u00a0Najprv s tak\u00fdm, ktor\u00e9 sme si ani my sami nest\u00edhali uvedomova\u0165. \u013dudsk\u00fd \u017eivot je toti\u017eto rozdelen\u00fd na viacero \u0161t\u00e1di\u00ed a vzdel\u00e1vanie, proces zdokona\u013eovania \u010dloveka, tvor\u00ed jeho drviv\u00fa v\u00e4\u010d\u0161inu.\u00a0Hne\u010f od narodenia sa b\u00e1b\u00e4tko v novorodeneckom obdob\u00ed u\u010d\u00ed 4 z\u00e1kladn\u00e9 reflexy &#8211; sac\u00ed, \u00fachopov\u00fd, polohov\u00fd a obrann\u00fd. Tie s\u00fa pre n\u00e1s pudov\u00e9 a v podstate sa ich nemus\u00edme u\u010di\u0165, ale podvedome s\u00fa n\u00e1m prirodzen\u00e9.Nesk\u00f4r v\u00a0doj\u010denskom sme sa nau\u010d\u00ed sedie\u0165, lozi\u0165, vzpriamene chodi\u0165, ba aj rozpr\u00e1va\u0165 prv\u00e9 slov\u00e1.Potom nasleduje obdobie bato\u013ea\u0165a. Pr\u00e1ve tu sme sa nau\u010dili prv\u00e9 kresby a\u00a0n\u00e1\u010drty. Roz\u0161\u00edrila sa n\u00e1m slovn\u00e1 z\u00e1soba, \u010di\u017ee sme z\u00edskali aj lep\u0161ie komunika\u010dn\u00e9 schopnosti.Ale a\u017e po tomto obdob\u00ed pr\u00edde prv\u00fd obrat \u2013 pred\u0161kolsk\u00fd vek. Fant\u00e1zia naber\u00e1 nev\u00eddan\u00fdch rozmerov, motorika sa zlep\u0161uje a deti sa venuj\u00fa n\u00e1ro\u010dnej\u0161\u00edm aktivit\u00e1m a\u00a0u\u010dia sa prv\u00e9 \u0161porty \u2013 pl\u00e1vanie, kor\u010du\u013eovanie, bicyklovanie&#8230;Postupn\u00fd pokrok v\u00a0u\u010den\u00ed av\u0161ak prich\u00e1dza a\u017e v\u00a0\u0161kolskom obdob\u00ed. Deti za\u010d\u00ednaj\u00fa rozumie\u0165 logike, priestorovej predstavivosti a\u00a0krok za krokom si cvi\u010dia pam\u00e4\u0165. Dve z\u00e1kladn\u00e9 schopnosti, ktor\u00e9 sa vtedy \u010dlovek nau\u010d\u00ed s\u00fa \u010d\u00edtanie a\u00a0p\u00edsanie.Potom pr\u00edde na rad adolescentn\u00e9 obdobie alebo tzv, puberta. U\u00a0niekoho b\u00farlivej\u0161ia, u\u00a0niekoho menej, ale v\u017edy plat\u00ed to ist\u00e9 \u2013 \u010dlovek za\u010d\u00edna naozaj spozn\u00e1va\u0165 s\u00e1m seba. U\u010d\u00ed sa ako jeho telo funguje, Ukon\u010duje sa kognit\u00edvny v\u00fdvin, \u010dlovek si utv\u00e1ra vlastn\u00e9 n\u00e1zory. Po tomto obdob\u00ed sa v\u00e4\u010d\u0161ina \u013eud\u00ed zamestn\u00e1, niektor\u00ed id\u00fa na vysok\u00fa \u0161kolu, ale v\u00a0ka\u017edom pr\u00edpade sa vzdel\u00e1vanie nekon\u010d\u00ed.Prich\u00e1dza dospelos\u0165, ktor\u00e1 nesie nepo\u010detne ve\u013ea zodpovednosti. Je \u010das na to, aby sme v\u0161etky svoje doposia\u013e z\u00edskan\u00e9 vedomosti a\u00a0sk\u00fasenosti naplno vyu\u017eili vo svoj prospech. V\u0161etko, \u010do sme budovali od \u00fatleho veku m\u00f4\u017eeme teraz mnohon\u00e1sobne z\u00faro\u010di\u0165. D\u00f4le\u017eit\u00e9 ale je, \u017ee aj toto obdobie n\u00e1s m\u00f4\u017ee toho e\u0161te ve\u013ea nau\u010di\u0165.                                                                                                                                                                                                                                                                                                                                                                                        5\/5 - (4 votes)        "},{"@context":"https:\/\/schema.org\/","@type":"BreadcrumbList","itemListElement":[{"@type":"ListItem","position":1,"name":"Vzdel\u00e1vanie v ka\u017edom veku","item":"https:\/\/www.isis.sk\/vzdelavanie-v-kazdom-veku\/#breadcrumbitem"}]}]