[{"@context":"https:\/\/schema.org\/","@type":"Article","@id":"https:\/\/www.isis.sk\/socialna-siet-a-zle-stranky\/#Article","mainEntityOfPage":"https:\/\/www.isis.sk\/socialna-siet-a-zle-stranky\/","headline":"Soci\u00e1lna sie\u0165 a zle str\u00e1nky","name":"Soci\u00e1lna sie\u0165 a zle str\u00e1nky","description":"Len m\u00e1lo \u013eud\u00ed vie \u017ee t\u00e1to soci\u00e1lna sie\u0165 m\u00e1 zle str\u00e1nky. M\u00f4\u017ee by\u0165 pre \u010dloveka nebezpe\u010dn\u00e1 ? Ja osobne si mysl\u00edm \u017ee \u00e1no. Je na to nieko\u013eko d\u00f4vodnou . Ale pekne od za\u010diatku. \u25baRegistr\u00e1cia a\u00a0osobn\u00e9 \u00fadaje Pri registr\u00e1cii zad\u00e1vate svoje osobn\u00e9 \u00fadaje ako napr\u00edklad meno , d\u00e1tum narodenia , bydlisko a\u00a0aj telef\u00f3ne \u010d\u00edslo. Facebook v\u00e1s [&hellip;]","datePublished":"2018-01-14","dateModified":"2018-01-14","author":{"@type":"Person","@id":"https:\/\/www.isis.sk\/author\/#Person","name":"","url":"https:\/\/www.isis.sk\/author\/","identifier":1,"image":{"@type":"ImageObject","@id":"https:\/\/secure.gravatar.com\/avatar\/bac9badfec1c8ddbfb42cc2a45bdd424bcac2f01b51b95470cbfd0bab9e793fd?s=96&d=mm&r=g","url":"https:\/\/secure.gravatar.com\/avatar\/bac9badfec1c8ddbfb42cc2a45bdd424bcac2f01b51b95470cbfd0bab9e793fd?s=96&d=mm&r=g","height":96,"width":96}},"publisher":{"@type":"Organization","name":"isis.sk","logo":{"@type":"ImageObject","@id":"\/logo.png","url":"\/logo.png","width":600,"height":60}},"image":{"@type":"ImageObject","@id":"https:\/\/www.isis.sk\/wp-content\/uploads\/img_a285832_w2014_t1521033828.png","url":"https:\/\/www.isis.sk\/wp-content\/uploads\/img_a285832_w2014_t1521033828.png","height":0,"width":0},"url":"https:\/\/www.isis.sk\/socialna-siet-a-zle-stranky\/","about":["Internet"],"wordCount":405,"articleBody":"\tLen m\u00e1lo \u013eud\u00ed vie \u017ee t\u00e1to soci\u00e1lna sie\u0165 m\u00e1 zle str\u00e1nky. M\u00f4\u017ee by\u0165 pre \u010dloveka nebezpe\u010dn\u00e1 ? Ja osobne si mysl\u00edm \u017ee \u00e1no. Je na to nieko\u013eko d\u00f4vodnou . Ale pekne od za\u010diatku.\t\t\u25baRegistr\u00e1cia a\u00a0osobn\u00e9 \u00fadaje \tPri registr\u00e1cii zad\u00e1vate svoje osobn\u00e9 \u00fadaje ako napr\u00edklad meno , d\u00e1tum narodenia , bydlisko a\u00a0aj telef\u00f3ne \u010d\u00edslo. Facebook v\u00e1s ubezpe\u010duje \u017ee Va\u0161e \u00fadaje s\u00fa bezpe\u010d\u00ed ale skuto\u010dnos\u0165 je \u00faplne in\u00e1. Ve\u013ea hackerov sa do V\u00e1\u0161ho \u00fa\u010dtu m\u00f4\u017ee dosta\u0165 len tak \u017ee luskne prstami a\u00a0je tam. Facebook si to ale za\u010dal uvedomova\u0165 a\u00a0preto vymysleli zabezpe\u010denia ktor\u00e9 ke\u010f sa prihl\u00e1site tak by V\u00e1m mala pr\u00eds\u0165 sms spr\u00e1va , kedy a\u00a0kde ste sa pr\u00e1ve prihl\u00e1sili a\u00a0\u010di ste to naozaj vy. Ale pozor ! Toto overenie funguje len vtedy ak sa neust\u00e1le prihlasujete a\u00a0odhlasujete . \u010ci\u017ee ak sa na smartphone prehl\u00e1sen\u00fd mus\u00edte sa odhl\u00e1si\u0165 aby Facebook mohol zareagova\u0165 a\u00a0posla\u0165 V\u00e1m spr\u00e1vu o\u00a0tom kde sa ste sa pr\u00e1ve prihl\u00e1sili.\t\t\u25baNebezpe\u010dn\u00e9 statusy \t\u010casto kr\u00e1t sa st\u00e1va \u017ee niekto uverejnil na svoj profil nejak\u00fa reakciu alebo n\u00e1zor a\u00a0bol za to potrestan\u00fd finan\u010dne alebo vezen\u00edm. \u013dudia zdie\u013eaj\u00fa v\u0161etko od svojich priate\u013eov a\u00a0pos\u00fava sa to \u010falej a\u00a0\u010falej a\u017e sa to dostane do o\u010di niekoho, komu sa to nep\u00e1\u010di a\u00a0probl\u00e9m je na svete. \u010casto kr\u00e1t sa m\u00f4\u017eete pochv\u00e1li\u0165 nie\u010d\u00edm \u010do druh\u00fd nem\u00e1 ale m\u00f4\u017ee ma\u0165. Jednoducho povedan\u00e9 m\u00f4\u017eu to ukradn\u00fa\u0165. Podl\u00e1 \u0161tatist\u00edk bolo dokazen\u00e9 \u017ee 56 percent kr\u00e1de\u017ei vzniklo len preto , lebo sa niekto s\u00a0nie\u010d\u00edm pochv\u00e1lil. Preto ak sa chcete s\u00a0nie\u010d\u00edm pochv\u00e1li\u0165 tak to nerobte , lebo\u00a0 o\u00a0to m\u00f4\u017eete r\u00fdchlo pr\u00eds\u0165. \t\u25baChaty a\u00a0ich reakcie\tV\u00a0telev\u00edzii som pozeral spravodajstvo , a\u00a0hovorili tam o\u00a0chatovan\u00ed na soci\u00e1lnych sie\u0165ach. Deti si tam p\u00ed\u0161u praktick\u00fd s k\u00fdm chc\u00fa a\u00a0ani ich pri tom nepoznaj\u00fa. Ale ak ste po\u010duli o\u00a0pr\u00edpade tzv. : \u02c7MODRA VELERYBA\u02c7 tak tam n\u00fatili deti a\u00a0mlad\u00fdch \u013eud\u00ed k\u00a0samo ubli\u017eovaniu. Presne tak , aj tak\u00e9 to nie\u010do m\u00f4\u017ee vznikn\u00fa\u0165 na soci\u00e1lnych sie\u0165ach a\u00a0ani o\u00a0tom nevieme.                                                                                                                                                                                                                                                                                                                                                                                         4\/5 - (2 votes)        "},{"@context":"https:\/\/schema.org\/","@type":"BreadcrumbList","itemListElement":[{"@type":"ListItem","position":1,"name":"Soci\u00e1lna sie\u0165 a zle str\u00e1nky","item":"https:\/\/www.isis.sk\/socialna-siet-a-zle-stranky\/#breadcrumbitem"}]}]