[{"@context":"https:\/\/schema.org\/","@type":"Article","@id":"https:\/\/www.isis.sk\/prvykrat-mamou\/#Article","mainEntityOfPage":"https:\/\/www.isis.sk\/prvykrat-mamou\/","headline":"Prv\u00fdkr\u00e1t mamou","name":"Prv\u00fdkr\u00e1t mamou","description":"Tento pocit dobre poznaj\u00fa v\u0161etky \u017eeny, ktor\u00e9 sa mamami stali prv\u00fdkr\u00e1t. Je to kr\u00e1sny pocit, ke\u010f si uvedomujete, \u017ee ste na svet priviedli die\u0165a, ten mal\u00fd z\u00e1zrak, ktor\u00fd patr\u00ed iba v\u00e1m. Euforick\u00e9 pocity sa zo za\u010diatku ale \u010dasto mie\u0161aj\u00fa s\u00a0pocitmi strachu a\u00a0neistoty. Rob\u00edm v\u0161etko spr\u00e1vne? Pre\u010do moje die\u0165atko pla\u010de? Je hladn\u00e9? Nie\u010do ho bol\u00ed? Som [&hellip;]","datePublished":"2017-02-19","dateModified":"2023-04-25","author":{"@type":"Person","@id":"https:\/\/www.isis.sk\/author\/#Person","name":"","url":"https:\/\/www.isis.sk\/author\/","identifier":1,"image":{"@type":"ImageObject","@id":"https:\/\/secure.gravatar.com\/avatar\/bac9badfec1c8ddbfb42cc2a45bdd424bcac2f01b51b95470cbfd0bab9e793fd?s=96&d=mm&r=g","url":"https:\/\/secure.gravatar.com\/avatar\/bac9badfec1c8ddbfb42cc2a45bdd424bcac2f01b51b95470cbfd0bab9e793fd?s=96&d=mm&r=g","height":96,"width":96}},"publisher":{"@type":"Organization","name":"isis.sk","logo":{"@type":"ImageObject","@id":"\/logo.png","url":"\/logo.png","width":600,"height":60}},"image":{"@type":"ImageObject","@id":"https:\/\/www.isis.sk\/wp-content\/uploads\/img_a280139_w2014_t1492630133.jpg","url":"https:\/\/www.isis.sk\/wp-content\/uploads\/img_a280139_w2014_t1492630133.jpg","height":0,"width":0},"url":"https:\/\/www.isis.sk\/prvykrat-mamou\/","about":["Deti"],"wordCount":458,"articleBody":"Tento pocit dobre poznaj\u00fa v\u0161etky \u017eeny, ktor\u00e9 sa mamami stali prv\u00fdkr\u00e1t. Je to kr\u00e1sny pocit, ke\u010f si uvedomujete, \u017ee ste na svet priviedli die\u0165a, ten mal\u00fd z\u00e1zrak, ktor\u00fd patr\u00ed iba v\u00e1m. Euforick\u00e9 pocity sa zo za\u010diatku ale \u010dasto mie\u0161aj\u00fa s\u00a0pocitmi strachu a\u00a0neistoty. Rob\u00edm v\u0161etko spr\u00e1vne? Pre\u010do moje die\u0165atko pla\u010de? Je hladn\u00e9? Nie\u010do ho bol\u00ed? Som ja v\u00f4bec dobr\u00e1 mama, ke\u010f nerozumiem svojmu vlastn\u00e9mu die\u0165a\u0165u?Toto b\u00fdvaj\u00fa \u010dast\u00e9 ot\u00e1zky a\u00a0my\u0161lienky novope\u010den\u00fdch mami\u010diek, ktor\u00e9 si zvykaj\u00fa na nov\u00fd re\u017eim, ktor\u00fd im die\u0165a nastolilo. Po \u010dase sa to zlep\u0161\u00ed, ak si mama uvedom\u00ed, \u017ee je v\u00a0starostlivosti o\u00a0svoje die\u0165a skuto\u010dn\u00e9 dobr\u00e1 a\u00a0zvl\u00e1dne v\u0161etko.\u00a0Tabu\u013eky, tabu\u013eky&#8230;Nejedna \u201eprvomama\u201c sa v\u00a0starostlivosti o\u00a0die\u0165a riadi ur\u010dit\u00fdmi \u201edobr\u00fdmi radami\u201c o\u00a0tom, kedy m\u00e1 die\u0165a spa\u0165, ako \u010dasto m\u00e1 spa\u0165, ako \u010dasto ho k\u0155mi\u0165 a\u00a0podobne. Postupne ako die\u0165atko rastie a\u00a0vyv\u00edja sa, mama \u00fazkostlivo sleduje, \u010di dodr\u017eiava vo svojom v\u00fdvoji v\u0161etko tak, ako si to sama na\u0161tudovala v\u00a0odbornej literat\u00fare a\u00a0tabu\u013ek\u00e1ch, alebo \u010di je rovnako \u0161ikovn\u00e9 v\u00a0seden\u00ed, lezen\u00ed \u010di ch\u00f4dzi ako ostatn\u00e9 deti v\u00a0jeho veku.\u00a0Mami, neporovn\u00e1vaj ma!V\u00a0prvom rade by si mala ka\u017ed\u00e1 mama uvedomi\u0165, \u017ee ka\u017ed\u00e9 jedno die\u0165atko je in\u00e9. Ka\u017ed\u00e9 m\u00e1 svoje vlastn\u00e9 tempo v\u00fdvoja. Niekomu to ide \u013eah\u0161ie, in\u00e9mu nie. Ani dvaja s\u00farodenci nenapreduj\u00fa rovnako, hoci ich \u201ejedna mama mala\u201c. Netreba sa \u00fazkostlivo dr\u017ea\u0165 tabuliek, preto\u017ee tie n\u00e1s len maj\u00fa informova\u0165, ako pribli\u017ene m\u00e1 die\u0165atko napredova\u0165. Nikdy to nebude na mesiac presne. V\u00a0nie\u010dom s\u00fa deti \u0161ikovnej\u0161ie,\u00a0 v\u00a0nie\u010dom naopak pomal\u0161ie. Netreba s\u00a0hr\u00f4zou sledova\u0165 susedkinho syna, ako chod\u00ed s\u00a0mamou za ruky, zatia\u013e \u010do va\u0161e die\u0165atko \u201eiba sed\u00ed\u201c.Pre\u010do sa nete\u0161i\u0165 z\u00a0toho, \u017ee v\u00f4bec sed\u00ed? Pre\u010do sa nete\u0161i\u0165 z\u00a0toho, \u017ee je zdrav\u00e9? Na\u010do rie\u0161i\u0165 po\u010det vyrasten\u00fdch alebo ch\u00fdbaj\u00facich z\u00fabkov, ke\u010f aj tak mu raz narast\u00fa?Neporovn\u00e1vajme! \u00a0Zbyto\u010dne sa znerv\u00f3z\u0148ujeme a\u00a0rob\u00edme si starosti. Ve\u010f na\u0161e de\u0165\u00farence s\u00fa jedine\u010dn\u00e9 a\u00a0na\u0161ou \u00falohou je sa o\u00a0ne stara\u0165 a\u00a0te\u0161i\u0165 sa z\u00a0nich. \u00dazkostliv\u00e9 mamy toti\u017e m\u00e1vaj\u00fa \u00fazkostliv\u00e9 deti, preto\u017ee svoje pocity im chtiac-nechtiac pos\u00favaj\u00fa. Te\u0161me sa z\u00a0toho, ak\u00e9 kr\u00e1sne, zdrav\u00e9 a\u00a0vesel\u00e9 s\u00fa na\u0161e deti a\u00a0\u017ee v\u00f4bec m\u00e1me to \u0161\u0165astie, \u017ee ich m\u00e1me.                                                                                                                                                                                                                                                                                                                                                                                        4.2\/5 - (4 votes)        "},{"@context":"https:\/\/schema.org\/","@type":"BreadcrumbList","itemListElement":[{"@type":"ListItem","position":1,"name":"Prv\u00fdkr\u00e1t mamou","item":"https:\/\/www.isis.sk\/prvykrat-mamou\/#breadcrumbitem"}]}]