[{"@context":"https:\/\/schema.org\/","@type":"Article","@id":"https:\/\/www.isis.sk\/nie-je-bednicka-ako-bednicka\/#Article","mainEntityOfPage":"https:\/\/www.isis.sk\/nie-je-bednicka-ako-bednicka\/","headline":"Nie je bedni\u010dka ako bedni\u010dka","name":"Nie je bedni\u010dka ako bedni\u010dka","description":"Zn\u00e1me porekadlo hovor\u00ed o tom, \u017ee zima sa n\u00e1s op\u00fdta, \u010do sme robili v lete. \u010ci sme si leto len u\u017e\u00edvali alebo sme sa po\u010das neho venovali aj nejakej tej pr\u00e1ci v z\u00e1hradke. \u010ci sme venovali svoj \u010das aj starostlivosti o ovocn\u00e9 strom\u010deky alebo nie. Na z\u00e1klade toho si potom vieme nie\u010do odlo\u017ei\u0165 aj na [&hellip;]","datePublished":"2022-09-20","dateModified":"2023-11-20","author":{"@type":"Person","@id":"https:\/\/www.isis.sk\/author\/#Person","name":"","url":"https:\/\/www.isis.sk\/author\/","identifier":1,"image":{"@type":"ImageObject","@id":"https:\/\/secure.gravatar.com\/avatar\/bac9badfec1c8ddbfb42cc2a45bdd424bcac2f01b51b95470cbfd0bab9e793fd?s=96&d=mm&r=g","url":"https:\/\/secure.gravatar.com\/avatar\/bac9badfec1c8ddbfb42cc2a45bdd424bcac2f01b51b95470cbfd0bab9e793fd?s=96&d=mm&r=g","height":96,"width":96}},"publisher":{"@type":"Organization","name":"isis.sk","logo":{"@type":"ImageObject","@id":"\/logo.png","url":"\/logo.png","width":600,"height":60}},"image":{"@type":"ImageObject","@id":"https:\/\/www.isis.sk\/wp-content\/uploads\/peach-3425656_1920.jpg","url":"https:\/\/www.isis.sk\/wp-content\/uploads\/peach-3425656_1920.jpg","height":0,"width":0},"url":"https:\/\/www.isis.sk\/nie-je-bednicka-ako-bednicka\/","about":["N\u00e1kupy"],"wordCount":395,"articleBody":"               Zn\u00e1me porekadlo hovor\u00ed o tom, \u017ee zima sa n\u00e1s op\u00fdta, \u010do sme robili v lete. \u010ci sme si leto len u\u017e\u00edvali alebo sme sa po\u010das neho venovali aj nejakej tej pr\u00e1ci v z\u00e1hradke. \u010ci sme venovali svoj \u010das aj starostlivosti o ovocn\u00e9 strom\u010deky alebo nie. Na z\u00e1klade toho si potom vieme nie\u010do odlo\u017ei\u0165 aj na zimu. V minulosti to bolo podstatnej\u0161ie ako dnes. Dnes toti\u017e z\u00e1jdeme do supermarketu a m\u00e1me v\u0161etko, na \u010do si len pomysl\u00edme. No, mnoho \u013eud\u00ed v posledn\u00fdch d\u0148och a mesiacov hovor\u00ed, \u017ee \u010dasy sa pomaly vracaj\u00fa nasp\u00e4\u0165. V obchodoch sa zdra\u017euje a my by sme sa mali sna\u017ei\u0165 e\u0161te \u010do-to ulo\u017ei\u0165 do na\u0161ich pivn\u00edc alebo \u0161p\u00e1jz. M\u00e1me v \u010dom uklada\u0165 tieto potraviny, zeleninu a ovocie? Zohna\u0165 kvalitn\u00fa bedni\u010dku na tak\u00e9to \u00fa\u010dely je dokonal\u00e9 umenie. Preto dobre sprav\u00edte, ak zvol\u00edte plastov\u00e9 bedni\u010dky na zeleninu a ovocie. Z ak\u00fdch d\u00f4vodov? Daj\u00fa sa stohova\u0165. Maj\u00fa vysok\u00fa nosnos\u0165 a z\u00e1rove\u0148 ve\u013ek\u00fd objem. S\u00fa ventilovan\u00e9. \u0160etria energetick\u00e9 n\u00e1klady. Jednoducho sa s nimi manipuluje.Daj\u00fa sa pou\u017ei\u0165  http:\/\/www.motorkari.cz\/tema\/%3Ft%3D198953 opakovane.\u013dahko sa udr\u017eiavaj\u00fa. S\u00fa kompatibiln\u00e9 s plastov\u00fdmi paletami. Mysl\u00edm, \u017ee ako zhrnutie toho najd\u00f4le\u017eitej\u0161ieho je to posta\u010duj\u00face. Ka\u017ed\u00fd z n\u00e1s by si r\u00e1d vybral to najlep\u0161ie a najjednoduch\u0161ie rie\u0161enie z t\u00fdch, ktor\u00e9 sa mu pon\u00fakaj\u00fa. Toto je ono. S t\u00fdmito bedni\u010dkami viete u\u0161etri\u0165 v\u00e1\u0161 priestor v pivnici alebo \u0161pajzi, ke\u010f\u017ee sa daj\u00fa nauklada\u0165 na seba. Ak u\u017e vlastn\u00edte plastov\u00e9 palety, tak s\u00fa vhodn\u00e9 aj na ukladanie na ne, tak\u017ee si nemus\u00edte robi\u0165 dve ve\u017ee, ale sta\u010d\u00ed iba jedna. Nemus\u00edte ma\u0165 obavy z pokazenej alebo hnij\u00facej zeleniny, \u010di ovocia. To je dos\u0165 podstatn\u00e9, aby boli bedni\u010dky aj odvetr\u00e1van\u00e9. Po pou\u017eit\u00ed sa daj\u00fa jednoducho opl\u00e1chnu\u0165 alebo utrie\u0165 handri\u010dkou a znova ich m\u00f4\u017eete pou\u017ei\u0165. Bud\u00fa st\u00e1le vo svojom p\u00f4vodnom \u0161ate ako nov\u00e9. Zelenina alebo ovocie v\u00e1m z nich nebude vypad\u00e1va\u0165, ani sa nebud\u00fa rozpad\u00e1va\u0165. To je to posledn\u00e9, po \u010dom by ste t\u00fa\u017eili, ak nesiete pln\u00fa bedni\u010dku zeleniny.                                                                                                                                                                                                                                                                                                                                                                                                   "},{"@context":"https:\/\/schema.org\/","@type":"BreadcrumbList","itemListElement":[{"@type":"ListItem","position":1,"name":"Nie je bedni\u010dka ako bedni\u010dka","item":"https:\/\/www.isis.sk\/nie-je-bednicka-ako-bednicka\/#breadcrumbitem"}]}]