{"@context":"https:\/\/schema.org\/","@type":"CollectionPage","@id":"https:\/\/www.isis.sk\/nakupy\/#CollectionPage","headline":"N\u00e1kupy Category","description":"","url":"https:\/\/www.isis.sk\/nakupy\/","hasPart":[{"@type":"Article","@id":"https:\/\/www.isis.sk\/moderne-kuchyne-roku-2020\/","headline":"Modern\u00e9 kuchyne roku 2020","url":"https:\/\/www.isis.sk\/moderne-kuchyne-roku-2020\/","datePublished":"2019-12-17","dateModified":"2019-12-17","mainEntityOfPage":"https:\/\/www.isis.sk\/moderne-kuchyne-roku-2020\/","author":{"@type":"Person","@id":"https:\/\/www.isis.sk\/author\/#Person","name":"","url":"https:\/\/www.isis.sk\/author\/","identifier":1,"image":{"@type":"ImageObject","@id":"https:\/\/secure.gravatar.com\/avatar\/bac9badfec1c8ddbfb42cc2a45bdd424bcac2f01b51b95470cbfd0bab9e793fd?s=96&d=mm&r=g","url":"https:\/\/secure.gravatar.com\/avatar\/bac9badfec1c8ddbfb42cc2a45bdd424bcac2f01b51b95470cbfd0bab9e793fd?s=96&d=mm&r=g","height":96,"width":96}},"publisher":{"@type":"Organization","name":"isis.sk","logo":{"@type":"ImageObject","@id":"\/logo.png","url":"\/logo.png","width":600,"height":60}},"image":{"@type":"ImageObject","@id":"https:\/\/www.isis.sk\/wp-content\/uploads\/img_a308890_w2014_t1576571743.jpg","url":"https:\/\/www.isis.sk\/wp-content\/uploads\/img_a308890_w2014_t1576571743.jpg","height":0,"width":0},"keywords":null},{"@type":"Article","@id":"https:\/\/www.isis.sk\/komfort-a-vhodne-spodne-pradlo-tvoria-neoddelitelny-celok\/","headline":"Komfort a vhodn\u00e9 spodn\u00e9 pr\u00e1dlo tvoria neoddelite\u013en\u00fd celok","url":"https:\/\/www.isis.sk\/komfort-a-vhodne-spodne-pradlo-tvoria-neoddelitelny-celok\/","datePublished":"2019-12-07","dateModified":"2019-12-07","mainEntityOfPage":"https:\/\/www.isis.sk\/komfort-a-vhodne-spodne-pradlo-tvoria-neoddelitelny-celok\/","author":{"@type":"Person","@id":"https:\/\/www.isis.sk\/author\/#Person","name":"","url":"https:\/\/www.isis.sk\/author\/","identifier":1,"image":{"@type":"ImageObject","@id":"https:\/\/secure.gravatar.com\/avatar\/bac9badfec1c8ddbfb42cc2a45bdd424bcac2f01b51b95470cbfd0bab9e793fd?s=96&d=mm&r=g","url":"https:\/\/secure.gravatar.com\/avatar\/bac9badfec1c8ddbfb42cc2a45bdd424bcac2f01b51b95470cbfd0bab9e793fd?s=96&d=mm&r=g","height":96,"width":96}},"publisher":{"@type":"Organization","name":"isis.sk","logo":{"@type":"ImageObject","@id":"\/logo.png","url":"\/logo.png","width":600,"height":60}},"image":{"@type":"ImageObject","@id":"https:\/\/www.isis.sk\/wp-content\/uploads\/img_a308886_w2014_t1576570301.jpg","url":"https:\/\/www.isis.sk\/wp-content\/uploads\/img_a308886_w2014_t1576570301.jpg","height":0,"width":0},"keywords":null},{"@type":"Article","@id":"https:\/\/www.isis.sk\/moderne-rolety-na-stresne-okna-su-funkcnym-i-estetickym-doplnkom\/","headline":"Modern\u00e9 rolety na stre\u0161n\u00e9 okn\u00e1 s\u00fa funk\u010dn\u00fdm i estetick\u00fdm doplnkom","url":"https:\/\/www.isis.sk\/moderne-rolety-na-stresne-okna-su-funkcnym-i-estetickym-doplnkom\/","datePublished":"2019-12-03","dateModified":"2019-12-03","mainEntityOfPage":"https:\/\/www.isis.sk\/moderne-rolety-na-stresne-okna-su-funkcnym-i-estetickym-doplnkom\/","author":{"@type":"Person","@id":"https:\/\/www.isis.sk\/author\/#Person","name":"","url":"https:\/\/www.isis.sk\/author\/","identifier":1,"image":{"@type":"ImageObject","@id":"https:\/\/secure.gravatar.com\/avatar\/bac9badfec1c8ddbfb42cc2a45bdd424bcac2f01b51b95470cbfd0bab9e793fd?s=96&d=mm&r=g","url":"https:\/\/secure.gravatar.com\/avatar\/bac9badfec1c8ddbfb42cc2a45bdd424bcac2f01b51b95470cbfd0bab9e793fd?s=96&d=mm&r=g","height":96,"width":96}},"publisher":{"@type":"Organization","name":"isis.sk","logo":{"@type":"ImageObject","@id":"\/logo.png","url":"\/logo.png","width":600,"height":60}},"image":{"@type":"ImageObject","@id":"https:\/\/www.isis.sk\/wp-content\/uploads\/img_a308860_w2014_t1576498309.jpg","url":"https:\/\/www.isis.sk\/wp-content\/uploads\/img_a308860_w2014_t1576498309.jpg","height":0,"width":0},"keywords":null},{"@type":"Article","@id":"https:\/\/www.isis.sk\/moderne-sklapacie-postele-sa-hodia-do-malych-i-velkych-priestorov\/","headline":"Modern\u00e9 skl\u00e1pacie postele sa hodia do mal\u00fdch i ve\u013ek\u00fdch priestorov","url":"https:\/\/www.isis.sk\/moderne-sklapacie-postele-sa-hodia-do-malych-i-velkych-priestorov\/","datePublished":"2019-11-08","dateModified":"2019-11-08","mainEntityOfPage":"https:\/\/www.isis.sk\/moderne-sklapacie-postele-sa-hodia-do-malych-i-velkych-priestorov\/","author":{"@type":"Person","@id":"https:\/\/www.isis.sk\/author\/#Person","name":"","url":"https:\/\/www.isis.sk\/author\/","identifier":1,"image":{"@type":"ImageObject","@id":"https:\/\/secure.gravatar.com\/avatar\/bac9badfec1c8ddbfb42cc2a45bdd424bcac2f01b51b95470cbfd0bab9e793fd?s=96&d=mm&r=g","url":"https:\/\/secure.gravatar.com\/avatar\/bac9badfec1c8ddbfb42cc2a45bdd424bcac2f01b51b95470cbfd0bab9e793fd?s=96&d=mm&r=g","height":96,"width":96}},"publisher":{"@type":"Organization","name":"isis.sk","logo":{"@type":"ImageObject","@id":"\/logo.png","url":"\/logo.png","width":600,"height":60}},"image":{"@type":"ImageObject","@id":"https:\/\/www.isis.sk\/wp-content\/uploads\/img_a308146_w2014_t1574079566.jpg","url":"https:\/\/www.isis.sk\/wp-content\/uploads\/img_a308146_w2014_t1574079566.jpg","height":0,"width":0},"keywords":null},{"@type":"Article","@id":"https:\/\/www.isis.sk\/byt-s-vysokymi-stropmi-tak-ich-paradne-vyuzite\/","headline":"Byt s vysok\u00fdmi stropmi? Tak ich par\u00e1dne vyu\u017eite!","url":"https:\/\/www.isis.sk\/byt-s-vysokymi-stropmi-tak-ich-paradne-vyuzite\/","datePublished":"2019-08-05","dateModified":"2019-08-05","mainEntityOfPage":"https:\/\/www.isis.sk\/byt-s-vysokymi-stropmi-tak-ich-paradne-vyuzite\/","author":{"@type":"Person","@id":"https:\/\/www.isis.sk\/author\/#Person","name":"","url":"https:\/\/www.isis.sk\/author\/","identifier":1,"image":{"@type":"ImageObject","@id":"https:\/\/secure.gravatar.com\/avatar\/bac9badfec1c8ddbfb42cc2a45bdd424bcac2f01b51b95470cbfd0bab9e793fd?s=96&d=mm&r=g","url":"https:\/\/secure.gravatar.com\/avatar\/bac9badfec1c8ddbfb42cc2a45bdd424bcac2f01b51b95470cbfd0bab9e793fd?s=96&d=mm&r=g","height":96,"width":96}},"publisher":{"@type":"Organization","name":"isis.sk","logo":{"@type":"ImageObject","@id":"\/logo.png","url":"\/logo.png","width":600,"height":60}},"image":{"@type":"ImageObject","@id":"https:\/\/www.isis.sk\/wp-content\/uploads\/img_a307154_w16632_t1570607338.jpg","url":"https:\/\/www.isis.sk\/wp-content\/uploads\/img_a307154_w16632_t1570607338.jpg","height":0,"width":0},"keywords":null},{"@type":"Article","@id":"https:\/\/www.isis.sk\/nie-su-dvere-ako-dvere\/","headline":"Nie s\u00fa dvere ako dvere","url":"https:\/\/www.isis.sk\/nie-su-dvere-ako-dvere\/","datePublished":"2019-07-23","dateModified":"2019-07-23","mainEntityOfPage":"https:\/\/www.isis.sk\/nie-su-dvere-ako-dvere\/","author":{"@type":"Person","@id":"https:\/\/www.isis.sk\/author\/#Person","name":"","url":"https:\/\/www.isis.sk\/author\/","identifier":1,"image":{"@type":"ImageObject","@id":"https:\/\/secure.gravatar.com\/avatar\/bac9badfec1c8ddbfb42cc2a45bdd424bcac2f01b51b95470cbfd0bab9e793fd?s=96&d=mm&r=g","url":"https:\/\/secure.gravatar.com\/avatar\/bac9badfec1c8ddbfb42cc2a45bdd424bcac2f01b51b95470cbfd0bab9e793fd?s=96&d=mm&r=g","height":96,"width":96}},"publisher":{"@type":"Organization","name":"isis.sk","logo":{"@type":"ImageObject","@id":"\/logo.png","url":"\/logo.png","width":600,"height":60}},"image":{"@type":"ImageObject","@id":"https:\/\/www.isis.sk\/wp-content\/uploads\/img_a303496_w2014_t1564119911.png","url":"https:\/\/www.isis.sk\/wp-content\/uploads\/img_a303496_w2014_t1564119911.png","height":0,"width":0},"keywords":null},{"@type":"Article","@id":"https:\/\/www.isis.sk\/preco-je-pri-spanku-dolezity-kvalitny-matrac-a-jeho-specificke-vlastnosti\/","headline":"Pre\u010do je pri sp\u00e1nku d\u00f4le\u017eit\u00fd kvalitn\u00fd matrac a jeho \u0161pecifick\u00e9 vlastnosti","url":"https:\/\/www.isis.sk\/preco-je-pri-spanku-dolezity-kvalitny-matrac-a-jeho-specificke-vlastnosti\/","datePublished":"2019-07-18","dateModified":"2023-04-25","mainEntityOfPage":"https:\/\/www.isis.sk\/preco-je-pri-spanku-dolezity-kvalitny-matrac-a-jeho-specificke-vlastnosti\/","author":{"@type":"Person","@id":"https:\/\/www.isis.sk\/author\/#Person","name":"","url":"https:\/\/www.isis.sk\/author\/","identifier":1,"image":{"@type":"ImageObject","@id":"https:\/\/secure.gravatar.com\/avatar\/bac9badfec1c8ddbfb42cc2a45bdd424bcac2f01b51b95470cbfd0bab9e793fd?s=96&d=mm&r=g","url":"https:\/\/secure.gravatar.com\/avatar\/bac9badfec1c8ddbfb42cc2a45bdd424bcac2f01b51b95470cbfd0bab9e793fd?s=96&d=mm&r=g","height":96,"width":96}},"publisher":{"@type":"Organization","name":"isis.sk","logo":{"@type":"ImageObject","@id":"\/logo.png","url":"\/logo.png","width":600,"height":60}},"image":{"@type":"ImageObject","@id":"https:\/\/www.isis.sk\/wp-content\/uploads\/img_a305904_w16775_t1567760176.jpg","url":"https:\/\/www.isis.sk\/wp-content\/uploads\/img_a305904_w16775_t1567760176.jpg","height":0,"width":0},"keywords":null},{"@type":"Article","@id":"https:\/\/www.isis.sk\/tie-spravne-podlahove-listy-na-mieru-pre-vasu-podlahu\/","headline":"Tie spr\u00e1vne podlahov\u00e9 li\u0161ty na mieru pre va\u0161u podlahu!","url":"https:\/\/www.isis.sk\/tie-spravne-podlahove-listy-na-mieru-pre-vasu-podlahu\/","datePublished":"2019-05-19","dateModified":"2019-05-19","mainEntityOfPage":"https:\/\/www.isis.sk\/tie-spravne-podlahove-listy-na-mieru-pre-vasu-podlahu\/","author":{"@type":"Person","@id":"https:\/\/www.isis.sk\/author\/#Person","name":"","url":"https:\/\/www.isis.sk\/author\/","identifier":1,"image":{"@type":"ImageObject","@id":"https:\/\/secure.gravatar.com\/avatar\/bac9badfec1c8ddbfb42cc2a45bdd424bcac2f01b51b95470cbfd0bab9e793fd?s=96&d=mm&r=g","url":"https:\/\/secure.gravatar.com\/avatar\/bac9badfec1c8ddbfb42cc2a45bdd424bcac2f01b51b95470cbfd0bab9e793fd?s=96&d=mm&r=g","height":96,"width":96}},"publisher":{"@type":"Organization","name":"isis.sk","logo":{"@type":"ImageObject","@id":"\/logo.png","url":"\/logo.png","width":600,"height":60}},"image":{"@type":"ImageObject","@id":"https:\/\/www.isis.sk\/wp-content\/uploads\/img_a300682_w2014_t1557987662.jpg","url":"https:\/\/www.isis.sk\/wp-content\/uploads\/img_a300682_w2014_t1557987662.jpg","height":0,"width":0},"keywords":null},{"@type":"Article","@id":"https:\/\/www.isis.sk\/upravene-nechty-nie-su-len-estetickou-zalezitostou-ale-aj-vasou-vizitkou\/","headline":"Upraven\u00e9 nechty nie s\u00fa len estetickou z\u00e1le\u017eitos\u0165ou, ale aj Va\u0161ou vizitkou","url":"https:\/\/www.isis.sk\/upravene-nechty-nie-su-len-estetickou-zalezitostou-ale-aj-vasou-vizitkou\/","datePublished":"2019-04-10","dateModified":"2019-04-10","mainEntityOfPage":"https:\/\/www.isis.sk\/upravene-nechty-nie-su-len-estetickou-zalezitostou-ale-aj-vasou-vizitkou\/","author":{"@type":"Person","@id":"https:\/\/www.isis.sk\/author\/#Person","name":"","url":"https:\/\/www.isis.sk\/author\/","identifier":1,"image":{"@type":"ImageObject","@id":"https:\/\/secure.gravatar.com\/avatar\/bac9badfec1c8ddbfb42cc2a45bdd424bcac2f01b51b95470cbfd0bab9e793fd?s=96&d=mm&r=g","url":"https:\/\/secure.gravatar.com\/avatar\/bac9badfec1c8ddbfb42cc2a45bdd424bcac2f01b51b95470cbfd0bab9e793fd?s=96&d=mm&r=g","height":96,"width":96}},"publisher":{"@type":"Organization","name":"isis.sk","logo":{"@type":"ImageObject","@id":"\/logo.png","url":"\/logo.png","width":600,"height":60}},"image":{"@type":"ImageObject","@id":"https:\/\/www.isis.sk\/wp-content\/uploads\/img_a300092_w2014_t1556466690.jpg","url":"https:\/\/www.isis.sk\/wp-content\/uploads\/img_a300092_w2014_t1556466690.jpg","height":0,"width":0},"keywords":null},{"@type":"Article","@id":"https:\/\/www.isis.sk\/chrante-si-svoje-oci\/","headline":"Chr\u00e1\u0148te si svoje o\u010di","url":"https:\/\/www.isis.sk\/chrante-si-svoje-oci\/","datePublished":"2019-01-20","dateModified":"2023-04-25","mainEntityOfPage":"https:\/\/www.isis.sk\/chrante-si-svoje-oci\/","author":{"@type":"Person","@id":"https:\/\/www.isis.sk\/author\/#Person","name":"","url":"https:\/\/www.isis.sk\/author\/","identifier":1,"image":{"@type":"ImageObject","@id":"https:\/\/secure.gravatar.com\/avatar\/bac9badfec1c8ddbfb42cc2a45bdd424bcac2f01b51b95470cbfd0bab9e793fd?s=96&d=mm&r=g","url":"https:\/\/secure.gravatar.com\/avatar\/bac9badfec1c8ddbfb42cc2a45bdd424bcac2f01b51b95470cbfd0bab9e793fd?s=96&d=mm&r=g","height":96,"width":96}},"publisher":{"@type":"Organization","name":"isis.sk","logo":{"@type":"ImageObject","@id":"\/logo.png","url":"\/logo.png","width":600,"height":60}},"image":{"@type":"ImageObject","@id":"https:\/\/www.isis.sk\/wp-content\/uploads\/img_a296591_w2014_t1549815518.jpg","url":"https:\/\/www.isis.sk\/wp-content\/uploads\/img_a296591_w2014_t1549815518.jpg","height":0,"width":0},"keywords":null}]}