[{"@context":"https:\/\/schema.org\/","@type":"Article","@id":"https:\/\/www.isis.sk\/co-chyba-nasmu-vidieku\/#Article","mainEntityOfPage":"https:\/\/www.isis.sk\/co-chyba-nasmu-vidieku\/","headline":"\u010co ch\u00fdba n\u00e1\u0161mu vidieku","name":"\u010co ch\u00fdba n\u00e1\u0161mu vidieku","description":"Mal\u00e9 obchody do 400 metrov \u0161tvorcov\u00fdch predajnej plochy na slovenskom vidieku \u00a0maj\u00fa probl\u00e9my, aby pre\u017eili. Za posledn\u00fdch dvadsa\u0165 rokov boli zatvoren\u00e9 stovky mal\u00fdch predajn\u00ed. Jedin\u00fdm rie\u0161en\u00edm tejto nepriaznivej situ\u00e1cie je viac\u00a0 podpori\u0165 vidiecke podnikanie, najm\u00e4 predajne v obciach do 1000 obyvate\u013eov. Podporuje sa kade\u010do, ale bohu\u017eia\u013e \u010dasto sa podpora nedostane ku t\u00fdm, ktor\u00ed pomoc skuto\u010dne [&hellip;]","datePublished":"2018-01-23","dateModified":"2018-01-23","author":{"@type":"Person","@id":"https:\/\/www.isis.sk\/author\/#Person","name":"","url":"https:\/\/www.isis.sk\/author\/","identifier":1,"image":{"@type":"ImageObject","@id":"https:\/\/secure.gravatar.com\/avatar\/bac9badfec1c8ddbfb42cc2a45bdd424bcac2f01b51b95470cbfd0bab9e793fd?s=96&d=mm&r=g","url":"https:\/\/secure.gravatar.com\/avatar\/bac9badfec1c8ddbfb42cc2a45bdd424bcac2f01b51b95470cbfd0bab9e793fd?s=96&d=mm&r=g","height":96,"width":96}},"publisher":{"@type":"Organization","name":"isis.sk","logo":{"@type":"ImageObject","@id":"\/logo.png","url":"\/logo.png","width":600,"height":60}},"image":{"@type":"ImageObject","@id":"https:\/\/www.isis.sk\/wp-content\/uploads\/img_a286251_w2014_t1521823586.jpg","url":"https:\/\/www.isis.sk\/wp-content\/uploads\/img_a286251_w2014_t1521823586.jpg","height":0,"width":0},"url":"https:\/\/www.isis.sk\/co-chyba-nasmu-vidieku\/","about":["Podnikanie"],"wordCount":347,"articleBody":"Mal\u00e9 obchody do 400 metrov \u0161tvorcov\u00fdch predajnej plochy na slovenskom vidieku \u00a0maj\u00fa probl\u00e9my, aby pre\u017eili. Za posledn\u00fdch dvadsa\u0165 rokov boli zatvoren\u00e9 stovky mal\u00fdch predajn\u00ed. Jedin\u00fdm rie\u0161en\u00edm tejto nepriaznivej situ\u00e1cie je viac\u00a0 podpori\u0165 vidiecke podnikanie, najm\u00e4 predajne v obciach do 1000 obyvate\u013eov.Podporuje sa kade\u010do, ale bohu\u017eia\u013e \u010dasto sa podpora nedostane ku t\u00fdm, ktor\u00ed pomoc skuto\u010dne potrebuj\u00fa. V mal\u00fdch obciach podnikatelia odumieraj\u00fa. Ak nebude na na\u0161ich dedin\u00e1ch prosperuj\u00face pohostinstvo, remeseln\u00edci alebo farma, stan\u00fa sa z\u00a0na\u0161ich ded\u00edn skanzeny a bude pokra\u010dova\u0165 ich vy\u013eud\u0148ovanie. U\u017e dnes n\u00e1jdeme na mnoh\u00fdch miestach opusten\u00e9 domy. Star\u00ed obyvatelia zomreli a\u00a0mlad\u00ed odi\u0161li do mesta. \u00a0Vidiecke predajne s\u00fa zanedbanou oblas\u0165ou slovensk\u00e9ho maloobchodu. Ich probl\u00e9my sa cel\u00e9 roky nerie\u0161ili. Mnoh\u00e9 z\u00a0nich s\u00fa stratov\u00e9. Strata mo\u017enosti zak\u00fapi\u0165 si v obci potraviny a oble\u010denie je probl\u00e9mom nielen pre mlad\u00e9 rodiny. Aj \u00a0star\u0161\u00ed \u013eudia a\u00a0v\u0161etci t\u00ed, ktor\u00ed nem\u00f4\u017eu autami d\u00f4js\u0165 do v\u00e4\u010d\u0161\u00edch miest, musia \u00a0t\u00fato situ\u00e1ciu zlo\u017eito rie\u0161i\u0165. Mnoh\u00ed odborn\u00edci preto navrhuj\u00fa, aby \u0161t\u00e1t uvo\u013enil finan\u010dn\u00e9 prostriedky a\u00a0poskytol vy\u0161\u0161ie dot\u00e1cie podnikate\u013eom na vidieku.V obciach v\u0161ak nezanikaj\u00fa iba predajne. \u010eal\u0161\u00edm probl\u00e9mom n\u00e1\u0161ho vidieka je \u00a0ub\u00fadanie remeseln\u00edkov. Za posledn\u00fdch desa\u0165 rokov ubudli na vidieku mur\u00e1ri, stol\u00e1ri, automechanici i oprav\u00e1ri. Slu\u017eby v mnoh\u00fdch obciach s\u00fa t\u00fdm skuto\u010dne ohrozen\u00e9. Rekon\u0161trukcia domu sa dnes st\u00e1va no\u010dnou morou. Ve\u010f sk\u00faste dnes zohna\u0165 remeseln\u00edka, ktor\u00fd v\u00e1m poskytne dobr\u00fa a kvalitn\u00fa pr\u00e1cu za primeran\u00fa cenu. Firma v\u00e1s finan\u010dne zruinuje a\u00a0v\u00f4bec v\u00e1m nezaru\u010d\u00ed, \u017ee pr\u00e1ca bude kvalitn\u00e1. Remeseln\u00edci, ktor\u00ed pracuj\u00fa na \u017eivnos\u0165, s\u00fa obsaden\u00ed na nieko\u013eko mesiacov dopredu. Nu\u017e a\u00a0r\u00f4zni dom\u00e1ci majstri sa nechaj\u00fa dlho prehov\u00e1ra\u0165, potom nepriznaj\u00fa, \u017ee nie\u010do nevedia alebo tomu nerozumej\u00fa, a\u00a0pohroma je na svete.\u00a0                                                                                                                                                                                                                                                                                                                                                                                        5\/5 - (2 votes)        "},{"@context":"https:\/\/schema.org\/","@type":"BreadcrumbList","itemListElement":[{"@type":"ListItem","position":1,"name":"\u010co ch\u00fdba n\u00e1\u0161mu vidieku","item":"https:\/\/www.isis.sk\/co-chyba-nasmu-vidieku\/#breadcrumbitem"}]}]